{"id":21753,"date":"2024-11-04T10:30:00","date_gmt":"2024-11-04T10:30:00","guid":{"rendered":"https:\/\/newsslash.com\/n\/17664-wann-kommt-davos-1917-staffel-2-auf-amazon-prime-video\/"},"modified":"2024-11-04T10:30:00","modified_gmt":"2024-11-04T10:30:00","slug":"17664-wann-kommt-davos-1917-staffel-2-auf-amazon-prime-video","status":"publish","type":"post","link":"https:\/\/newsslash.com\/n\/17664-wann-kommt-davos-1917-staffel-2-auf-amazon-prime-video\/","title":{"rendered":"Wann kommt Davos 1917 Staffel 2 auf Amazon Prime Video?"},"content":{"rendered":"<p>Die Serie Davos 1917 ist vielleicht manchem von euch, der gern auch mal bei den \u00c3\u00b6ffentlich-rechtlichen Fernsehsendern und Mediatheken vorbeischaut, schon ein Begriff. Jetzt gibt es die Schweiz-Deutschland- Koproduktion seit dem 4. November 2024 auch bei Amazon Prime Video f\u00c3\u00bcr ein internationaleres Publikum zu sehen. Das macht auch absolut Sinn, denn die Historienserie \u00c3\u00bcberzeugt sowohl in Handlung, Umsetzung und Besetzung \u00c3\u00bcber allen Ma\u00c3\u0178en. Davos 1917 erz\u00c3\u00a4hlt die Geschichte des Ersten Weltkriegs aus einer ganz anderen Perspektive: aus der der Schweiz und der Spionageagenturen. Daher flirrt auch schon eine Weile die Frage durch den Raum: Wann kommt Davos 1917 Staffel 2 bei Amazon Prime Video oder in SRF und ARD? <\/p><div class=\"newss-content\" id=\"newss-4266585725\"><script async src=\"\/\/pagead2.googlesyndication.com\/pagead\/js\/adsbygoogle.js?client=ca-pub-7733425960004873\" crossorigin=\"anonymous\"><\/script><ins class=\"adsbygoogle\" style=\"display:block;\" data-ad-client=\"ca-pub-7733425960004873\" \ndata-ad-slot=\"2582020599\" \ndata-ad-format=\"auto\"><\/ins>\n<script> \n(adsbygoogle = window.adsbygoogle || []).push({}); \n<\/script>\n<\/div><div class=\"newss-article-1\" id=\"newss-196945787\"><script async src=\"https:\/\/pagead2.googlesyndication.com\/pagead\/js\/adsbygoogle.js?client=ca-pub-7733425960004873\"\r\n     crossorigin=\"anonymous\"><\/script>\r\n<!-- Homepage2 -->\r\n<ins class=\"adsbygoogle\"\r\n     style=\"display:block\"\r\n     data-ad-client=\"ca-pub-7733425960004873\"\r\n     data-ad-slot=\"2582020599\"\r\n     data-ad-format=\"auto\"\r\n     data-full-width-responsive=\"true\"><\/ins>\r\n<script>\r\n     (adsbygoogle = window.adsbygoogle || []).push({});\r\n<\/script><\/div>\n<div>Anzeige:<\/div>\n<p><ins data-ad-client=\"ca-pub-3647021458695789\" data-ad-format=\"link\" data-ad-slot=\"7996975644\" style=\"display:block\"><\/ins> Die Serie Davos 1917 war die bisher teuerste Produktion des SRF, des Schweizer Rundfunk und Fernsehen und zog eine sensationelle Anzahl von Zuschauenden in ihren Bann. Aber auch in Deutschland kam die Serie sehr gut an. Dennoch kann die Frage, wann Davos 1917 Staffel bei Amazon Prime Video, und eigentlich zuerst bei ARD und SRF kommt, noch nicht beantwortet werden. Davos 1917 lief schon im Dezember 2023 in der ARD und beim SRF, und zog in die Mediatheken ein. Vielleicht soll die Ausstrahlung auf Amazon Prime Video jetzt noch einmal mehr Zuschauende auf die Serie aufmerksam machen, so dass eine zweite Season sich von den Produktionskosten her lohnen w\u00c3\u00bcrde. Ob ARD und SRF allerdings Davos Staffel 2 tats\u00c3\u00a4chlich vom Erfolg auf Amazon Prime Video abh\u00c3\u00a4ngig macht, k\u00c3\u00b6nnen wir nicht sagen. M\u00c3\u00b6glich w\u00c3\u00a4re es, dass es in den n\u00c3\u00a4chsten Tagen oder Wochen ein Statement von den produzierenden Sendern gibt. Wir bleiben dran, denn das Ende der ersten Staffel machte viel Platz f\u00c3\u00bcr Staffel 2 von Davos 1917. <b>Davon handelt die Serie Davos 1917<\/b> Im Zentrum der Serie Davos 1917 steht Johanna Gabathuler. Sie war als Krankenschwester an der Westfront und hat den Tod hunderte Male in all seinen schrecklichen Formen gesehen. Jetzt ist sie wieder zuhause, im idyllischen Luftkurort Davos. Von ihrem Einsatz im Ersten Weltkrieg bringt sie auch ein Kind mit, welches sie in ihrem Bauch tr\u00c3\u00a4gt. Jedoch wird sie das Kind nicht aufwachsen sehen, denn ihr Vater ist strikt gegen ein uneheliches Kind in seinem Hause. Er ist Besitzer eines Kurhauses, welches jedoch schwer angeschlagen ist. Johanna gebiert, aber im Krei\u00c3\u0178saal schon wird das Kind weggenommen und fortgeschafft. Johanna verdingt sich nun als Krankenschwester im Kurbetrieb ihres Vaters. Nat\u00c3\u00bcrlich ist das nicht die ganze Geschichte, denn schlie\u00c3\u0178lich geht es in Davos 1917 vor allem um eines: die Verstrickungen der Geheimdienste im Ersten Weltkrieg, die sich in Form von Agenten von allen Kriegsbeteiligten in Davos die Klinken in die Hand geben. Eines Tages bekommt Johannas, gespielt von Dominique Devenport, einen Hinweis auf den Verbleib ihrer Tochter. Bei dem Versuch, sie zu finden, ger\u00c3\u00a4t sie in das Netz der Spionageagenturen. Gr\u00c3\u00a4fin Ilse von Hausner, ist es, die wei\u00c3\u0178, wo Johannas Kind ist. Aber sie gibt ihre Informationen nicht einfach so heraus. Johanna soll f\u00c3\u00bcr die Deutschen spitzeln. Die unbedarfte, verzweifelte Mutter wird zum Spielball der Geheimdienste. <iframe loading=\"lazy\" allowfullscreen=\"\" frameborder=\"0\" height=\"315\" src=\"https:\/\/www.youtube-nocookie.com\/embed\/2EpP-kSs_2E?si=8DgdgLqGz46fJlyb\" width=\"100%\"><\/iframe><\/p>\n","protected":false},"excerpt":{"rendered":"<p>Die erste Staffel der Serie Davos ist seit dem 4. November 2024 bei Amazon Prime Video zu sehen. Die Geschichte spielt in der&#8230; Mehr auf Newsslash.com!<\/p>\n","protected":false},"author":7,"featured_media":21974,"comment_status":"open","ping_status":"open","sticky":false,"template":"","format":"standard","meta":{"_et_pb_use_builder":"","_et_pb_old_content":"","_et_gb_content_width":"","footnotes":""},"class_list":["post-21753","post","type-post","status-publish","format-standard","has-post-thumbnail","hentry","category-blog"],"yoast_head":"<!-- This site is optimized with the Yoast SEO plugin v24.8.1 - https:\/\/yoast.com\/wordpress\/plugins\/seo\/ -->\n<title>Wann kommt Davos 1917 Staffel 2 auf Amazon Prime Video? - Newsslash<\/title>\n<meta name=\"robots\" content=\"noindex, follow\" \/>\n<meta property=\"og:locale\" content=\"en_US\" \/>\n<meta property=\"og:type\" content=\"article\" \/>\n<meta property=\"og:title\" content=\"Wann kommt Davos 1917 Staffel 2 auf Amazon Prime Video? - Newsslash\" \/>\n<meta property=\"og:description\" content=\"Die erste Staffel der Serie Davos ist seit dem 4. November 2024 bei Amazon Prime Video zu sehen. Die Geschichte spielt in der... Mehr auf Newsslash.com!\" \/>\n<meta property=\"og:url\" content=\"https:\/\/newsslash.com\/n\/17664-wann-kommt-davos-1917-staffel-2-auf-amazon-prime-video\/\" \/>\n<meta property=\"og:site_name\" content=\"Newsslash\" \/>\n<meta property=\"article:published_time\" content=\"2024-11-04T10:30:00+00:00\" \/>\n<meta property=\"og:image\" content=\"https:\/\/newsslash.com\/n\/wp-content\/uploads\/2025\/04\/NewsSlash-Featured-Image.jpg\" \/>\n\t<meta property=\"og:image:width\" content=\"1280\" \/>\n\t<meta property=\"og:image:height\" content=\"854\" \/>\n\t<meta property=\"og:image:type\" content=\"image\/jpeg\" \/>\n<meta name=\"author\" content=\"Daniela H\" \/>\n<meta name=\"twitter:card\" content=\"summary_large_image\" \/>\n<meta name=\"twitter:label1\" content=\"Written by\" \/>\n\t<meta name=\"twitter:data1\" content=\"Daniela H\" \/>\n\t<meta name=\"twitter:label2\" content=\"Est. reading time\" \/>\n\t<meta name=\"twitter:data2\" content=\"2 minutes\" \/>\n<script type=\"application\/ld+json\" class=\"yoast-schema-graph\">{\"@context\":\"https:\/\/schema.org\",\"@graph\":[{\"@type\":\"Article\",\"@id\":\"https:\/\/newsslash.com\/n\/17664-wann-kommt-davos-1917-staffel-2-auf-amazon-prime-video\/#article\",\"isPartOf\":{\"@id\":\"https:\/\/newsslash.com\/n\/17664-wann-kommt-davos-1917-staffel-2-auf-amazon-prime-video\/\"},\"author\":{\"name\":\"Daniela H\",\"@id\":\"https:\/\/newsslash.com\/n\/#\/schema\/person\/cb1381eb00b5dc4b3071475e9866df11\"},\"headline\":\"Wann kommt Davos 1917 Staffel 2 auf Amazon Prime Video?\",\"datePublished\":\"2024-11-04T10:30:00+00:00\",\"mainEntityOfPage\":{\"@id\":\"https:\/\/newsslash.com\/n\/17664-wann-kommt-davos-1917-staffel-2-auf-amazon-prime-video\/\"},\"wordCount\":505,\"commentCount\":0,\"publisher\":{\"@id\":\"https:\/\/newsslash.com\/n\/#organization\"},\"image\":{\"@id\":\"https:\/\/newsslash.com\/n\/17664-wann-kommt-davos-1917-staffel-2-auf-amazon-prime-video\/#primaryimage\"},\"thumbnailUrl\":\"https:\/\/newsslash.com\/n\/wp-content\/uploads\/2025\/04\/NewsSlash-Featured-Image.jpg\",\"articleSection\":[\"Blog\"],\"inLanguage\":\"en-US\",\"potentialAction\":[{\"@type\":\"CommentAction\",\"name\":\"Comment\",\"target\":[\"https:\/\/newsslash.com\/n\/17664-wann-kommt-davos-1917-staffel-2-auf-amazon-prime-video\/#respond\"]}]},{\"@type\":\"WebPage\",\"@id\":\"https:\/\/newsslash.com\/n\/17664-wann-kommt-davos-1917-staffel-2-auf-amazon-prime-video\/\",\"url\":\"https:\/\/newsslash.com\/n\/17664-wann-kommt-davos-1917-staffel-2-auf-amazon-prime-video\/\",\"name\":\"Wann kommt Davos 1917 Staffel 2 auf Amazon Prime Video? - Newsslash\",\"isPartOf\":{\"@id\":\"https:\/\/newsslash.com\/n\/#website\"},\"primaryImageOfPage\":{\"@id\":\"https:\/\/newsslash.com\/n\/17664-wann-kommt-davos-1917-staffel-2-auf-amazon-prime-video\/#primaryimage\"},\"image\":{\"@id\":\"https:\/\/newsslash.com\/n\/17664-wann-kommt-davos-1917-staffel-2-auf-amazon-prime-video\/#primaryimage\"},\"thumbnailUrl\":\"https:\/\/newsslash.com\/n\/wp-content\/uploads\/2025\/04\/NewsSlash-Featured-Image.jpg\",\"datePublished\":\"2024-11-04T10:30:00+00:00\",\"breadcrumb\":{\"@id\":\"https:\/\/newsslash.com\/n\/17664-wann-kommt-davos-1917-staffel-2-auf-amazon-prime-video\/#breadcrumb\"},\"inLanguage\":\"en-US\",\"potentialAction\":[{\"@type\":\"ReadAction\",\"target\":[\"https:\/\/newsslash.com\/n\/17664-wann-kommt-davos-1917-staffel-2-auf-amazon-prime-video\/\"]}]},{\"@type\":\"ImageObject\",\"inLanguage\":\"en-US\",\"@id\":\"https:\/\/newsslash.com\/n\/17664-wann-kommt-davos-1917-staffel-2-auf-amazon-prime-video\/#primaryimage\",\"url\":\"https:\/\/newsslash.com\/n\/wp-content\/uploads\/2025\/04\/NewsSlash-Featured-Image.jpg\",\"contentUrl\":\"https:\/\/newsslash.com\/n\/wp-content\/uploads\/2025\/04\/NewsSlash-Featured-Image.jpg\",\"width\":1280,\"height\":854},{\"@type\":\"BreadcrumbList\",\"@id\":\"https:\/\/newsslash.com\/n\/17664-wann-kommt-davos-1917-staffel-2-auf-amazon-prime-video\/#breadcrumb\",\"itemListElement\":[{\"@type\":\"ListItem\",\"position\":1,\"name\":\"Home\",\"item\":\"https:\/\/newsslash.com\/n\/\"},{\"@type\":\"ListItem\",\"position\":2,\"name\":\"Wann kommt Davos 1917 Staffel 2 auf Amazon Prime Video?\"}]},{\"@type\":\"WebSite\",\"@id\":\"https:\/\/newsslash.com\/n\/#website\",\"url\":\"https:\/\/newsslash.com\/n\/\",\"name\":\"Newsslash\",\"description\":\"Trending News on Movies, Series, OTT, Gaming\",\"publisher\":{\"@id\":\"https:\/\/newsslash.com\/n\/#organization\"},\"potentialAction\":[{\"@type\":\"SearchAction\",\"target\":{\"@type\":\"EntryPoint\",\"urlTemplate\":\"https:\/\/newsslash.com\/n\/?s={search_term_string}\"},\"query-input\":{\"@type\":\"PropertyValueSpecification\",\"valueRequired\":true,\"valueName\":\"search_term_string\"}}],\"inLanguage\":\"en-US\"},{\"@type\":\"Organization\",\"@id\":\"https:\/\/newsslash.com\/n\/#organization\",\"name\":\"Newsslash\",\"url\":\"https:\/\/newsslash.com\/n\/\",\"logo\":{\"@type\":\"ImageObject\",\"inLanguage\":\"en-US\",\"@id\":\"https:\/\/newsslash.com\/n\/#\/schema\/logo\/image\/\",\"url\":\"https:\/\/newsslash.com\/n\/wp-content\/uploads\/2025\/04\/cropped-Newsslash-logo-Fevicon.png\",\"contentUrl\":\"https:\/\/newsslash.com\/n\/wp-content\/uploads\/2025\/04\/cropped-Newsslash-logo-Fevicon.png\",\"width\":512,\"height\":512,\"caption\":\"Newsslash\"},\"image\":{\"@id\":\"https:\/\/newsslash.com\/n\/#\/schema\/logo\/image\/\"}},{\"@type\":\"Person\",\"@id\":\"https:\/\/newsslash.com\/n\/#\/schema\/person\/cb1381eb00b5dc4b3071475e9866df11\",\"name\":\"Daniela H\",\"sameAs\":[\"https:\/\/newsslash.com\"],\"url\":\"https:\/\/newsslash.com\/n\/author\/daniela_h\/\"}]}<\/script>\n<!-- \/ Yoast SEO plugin. -->","yoast_head_json":{"title":"Wann kommt Davos 1917 Staffel 2 auf Amazon Prime Video? - Newsslash","robots":{"index":"noindex","follow":"follow"},"og_locale":"en_US","og_type":"article","og_title":"Wann kommt Davos 1917 Staffel 2 auf Amazon Prime Video? - Newsslash","og_description":"Die erste Staffel der Serie Davos ist seit dem 4. November 2024 bei Amazon Prime Video zu sehen. Die Geschichte spielt in der... Mehr auf Newsslash.com!","og_url":"https:\/\/newsslash.com\/n\/17664-wann-kommt-davos-1917-staffel-2-auf-amazon-prime-video\/","og_site_name":"Newsslash","article_published_time":"2024-11-04T10:30:00+00:00","og_image":[{"width":1280,"height":854,"url":"https:\/\/newsslash.com\/n\/wp-content\/uploads\/2025\/04\/NewsSlash-Featured-Image.jpg","type":"image\/jpeg"}],"author":"Daniela H","twitter_card":"summary_large_image","twitter_misc":{"Written by":"Daniela H","Est. reading time":"2 minutes"},"schema":{"@context":"https:\/\/schema.org","@graph":[{"@type":"Article","@id":"https:\/\/newsslash.com\/n\/17664-wann-kommt-davos-1917-staffel-2-auf-amazon-prime-video\/#article","isPartOf":{"@id":"https:\/\/newsslash.com\/n\/17664-wann-kommt-davos-1917-staffel-2-auf-amazon-prime-video\/"},"author":{"name":"Daniela H","@id":"https:\/\/newsslash.com\/n\/#\/schema\/person\/cb1381eb00b5dc4b3071475e9866df11"},"headline":"Wann kommt Davos 1917 Staffel 2 auf Amazon Prime Video?","datePublished":"2024-11-04T10:30:00+00:00","mainEntityOfPage":{"@id":"https:\/\/newsslash.com\/n\/17664-wann-kommt-davos-1917-staffel-2-auf-amazon-prime-video\/"},"wordCount":505,"commentCount":0,"publisher":{"@id":"https:\/\/newsslash.com\/n\/#organization"},"image":{"@id":"https:\/\/newsslash.com\/n\/17664-wann-kommt-davos-1917-staffel-2-auf-amazon-prime-video\/#primaryimage"},"thumbnailUrl":"https:\/\/newsslash.com\/n\/wp-content\/uploads\/2025\/04\/NewsSlash-Featured-Image.jpg","articleSection":["Blog"],"inLanguage":"en-US","potentialAction":[{"@type":"CommentAction","name":"Comment","target":["https:\/\/newsslash.com\/n\/17664-wann-kommt-davos-1917-staffel-2-auf-amazon-prime-video\/#respond"]}]},{"@type":"WebPage","@id":"https:\/\/newsslash.com\/n\/17664-wann-kommt-davos-1917-staffel-2-auf-amazon-prime-video\/","url":"https:\/\/newsslash.com\/n\/17664-wann-kommt-davos-1917-staffel-2-auf-amazon-prime-video\/","name":"Wann kommt Davos 1917 Staffel 2 auf Amazon Prime Video? - Newsslash","isPartOf":{"@id":"https:\/\/newsslash.com\/n\/#website"},"primaryImageOfPage":{"@id":"https:\/\/newsslash.com\/n\/17664-wann-kommt-davos-1917-staffel-2-auf-amazon-prime-video\/#primaryimage"},"image":{"@id":"https:\/\/newsslash.com\/n\/17664-wann-kommt-davos-1917-staffel-2-auf-amazon-prime-video\/#primaryimage"},"thumbnailUrl":"https:\/\/newsslash.com\/n\/wp-content\/uploads\/2025\/04\/NewsSlash-Featured-Image.jpg","datePublished":"2024-11-04T10:30:00+00:00","breadcrumb":{"@id":"https:\/\/newsslash.com\/n\/17664-wann-kommt-davos-1917-staffel-2-auf-amazon-prime-video\/#breadcrumb"},"inLanguage":"en-US","potentialAction":[{"@type":"ReadAction","target":["https:\/\/newsslash.com\/n\/17664-wann-kommt-davos-1917-staffel-2-auf-amazon-prime-video\/"]}]},{"@type":"ImageObject","inLanguage":"en-US","@id":"https:\/\/newsslash.com\/n\/17664-wann-kommt-davos-1917-staffel-2-auf-amazon-prime-video\/#primaryimage","url":"https:\/\/newsslash.com\/n\/wp-content\/uploads\/2025\/04\/NewsSlash-Featured-Image.jpg","contentUrl":"https:\/\/newsslash.com\/n\/wp-content\/uploads\/2025\/04\/NewsSlash-Featured-Image.jpg","width":1280,"height":854},{"@type":"BreadcrumbList","@id":"https:\/\/newsslash.com\/n\/17664-wann-kommt-davos-1917-staffel-2-auf-amazon-prime-video\/#breadcrumb","itemListElement":[{"@type":"ListItem","position":1,"name":"Home","item":"https:\/\/newsslash.com\/n\/"},{"@type":"ListItem","position":2,"name":"Wann kommt Davos 1917 Staffel 2 auf Amazon Prime Video?"}]},{"@type":"WebSite","@id":"https:\/\/newsslash.com\/n\/#website","url":"https:\/\/newsslash.com\/n\/","name":"Newsslash","description":"Trending News on Movies, Series, OTT, Gaming","publisher":{"@id":"https:\/\/newsslash.com\/n\/#organization"},"potentialAction":[{"@type":"SearchAction","target":{"@type":"EntryPoint","urlTemplate":"https:\/\/newsslash.com\/n\/?s={search_term_string}"},"query-input":{"@type":"PropertyValueSpecification","valueRequired":true,"valueName":"search_term_string"}}],"inLanguage":"en-US"},{"@type":"Organization","@id":"https:\/\/newsslash.com\/n\/#organization","name":"Newsslash","url":"https:\/\/newsslash.com\/n\/","logo":{"@type":"ImageObject","inLanguage":"en-US","@id":"https:\/\/newsslash.com\/n\/#\/schema\/logo\/image\/","url":"https:\/\/newsslash.com\/n\/wp-content\/uploads\/2025\/04\/cropped-Newsslash-logo-Fevicon.png","contentUrl":"https:\/\/newsslash.com\/n\/wp-content\/uploads\/2025\/04\/cropped-Newsslash-logo-Fevicon.png","width":512,"height":512,"caption":"Newsslash"},"image":{"@id":"https:\/\/newsslash.com\/n\/#\/schema\/logo\/image\/"}},{"@type":"Person","@id":"https:\/\/newsslash.com\/n\/#\/schema\/person\/cb1381eb00b5dc4b3071475e9866df11","name":"Daniela H","sameAs":["https:\/\/newsslash.com"],"url":"https:\/\/newsslash.com\/n\/author\/daniela_h\/"}]}},"_links":{"self":[{"href":"https:\/\/newsslash.com\/n\/wp-json\/wp\/v2\/posts\/21753","targetHints":{"allow":["GET"]}}],"collection":[{"href":"https:\/\/newsslash.com\/n\/wp-json\/wp\/v2\/posts"}],"about":[{"href":"https:\/\/newsslash.com\/n\/wp-json\/wp\/v2\/types\/post"}],"author":[{"embeddable":true,"href":"https:\/\/newsslash.com\/n\/wp-json\/wp\/v2\/users\/7"}],"replies":[{"embeddable":true,"href":"https:\/\/newsslash.com\/n\/wp-json\/wp\/v2\/comments?post=21753"}],"version-history":[{"count":0,"href":"https:\/\/newsslash.com\/n\/wp-json\/wp\/v2\/posts\/21753\/revisions"}],"wp:featuredmedia":[{"embeddable":true,"href":"https:\/\/newsslash.com\/n\/wp-json\/wp\/v2\/media\/21974"}],"wp:attachment":[{"href":"https:\/\/newsslash.com\/n\/wp-json\/wp\/v2\/media?parent=21753"}],"curies":[{"name":"wp","href":"https:\/\/api.w.org\/{rel}","templated":true}]}}