{"id":21761,"date":"2024-11-08T20:20:00","date_gmt":"2024-11-08T20:20:00","guid":{"rendered":"https:\/\/newsslash.com\/n\/17672-starttermin-fuer-sisi-staffel-4-bei-rtlplus-steht-fest\/"},"modified":"2024-11-08T20:20:00","modified_gmt":"2024-11-08T20:20:00","slug":"17672-starttermin-fuer-sisi-staffel-4-bei-rtlplus-steht-fest","status":"publish","type":"post","link":"https:\/\/newsslash.com\/n\/17672-starttermin-fuer-sisi-staffel-4-bei-rtlplus-steht-fest\/","title":{"rendered":"Starttermin f\u00c3\u00bcr Sisi Staffel 4 bei RTL+ steht fest!"},"content":{"rendered":"<p>Es gibt viele von ihnen: Filme und Serien \u00c3\u00bcber die Kaiserin Elisabeth von \u00c3\u2013sterreich, besser bekannt als Sissi, sind seit eh und je beliebt. Auch RTL hat sich des Stoffes angenommen und eine Serie um die Kaiserin gestrickt. Sisi hei\u00c3\u0178t die Serie, die bei RTL+ und im Free TV zu sehen ist. Nun endlich ist auch bekannt, wann es mit der Geschichte der ber\u00c3\u00bchmten Kaiserin weitergeht. Schon am 1. Dezember d\u00c3\u00bcrfen sich die Zuschauenden auf Sisi Staffel 4 freuen. Und einen Trailer gibt es auch schon. Der Trailer zu Sisi Staffel 4 gibt schon einen kleinen Einblick in die Geschehnisse der neuen Folgen. Es gibt zahlreiche Spannungen im Kaiserhaus und daran ist nicht nur der kleine t\u00c3\u00a4towierte Anker auf der Haut von Sissi Schuld. Auch die Beziehung zu ihrem Ehegatten wird immer problematischer. Die Thematisierung der Ehe der beiden ist zwar nichts Neues, aber in der RTL-Serie wird die Beziehung nicht als die sonnige, gl\u00c3\u00bcckliche dargestellt wie in den ber\u00c3\u00bchmten Sissi-Filmen mit Romy Schneider, sondern so wie sie war: ungl\u00c3\u00bccklich, zwanghaft und voller Streit und Eifersucht. Es wird also auch in der vierten Staffel wieder turbulent im Hause des Kaisers. Konkret geht es mit der Zeit nach dem Tod des Vaters von Sisi weiter. Sie trainiert f\u00c3\u00bcr das Pferderennen gegen den ber\u00c3\u00bchmtesten und besten Jockeys Bayerns. Dabei st\u00c3\u00b6\u00c3\u0178t die Kaiserin auf ziemlich dunkle Familiengeheimnisse. Auch Sisis Bruder und sie j\u00c3\u00bcngere Schwester spielen in den sechs Folgen der vierten Staffel eine Rolle. Die eine verliebt, der andere zwiegespalten zwischen Liebe und Pflicht. RTL* wird mit der Bereitstellung der ersten beiden Episoden am 1. Dezember beginnen und dann wird es jede Woche zwei weitere geben. Die Ausstrahlung im Free-TV beginnt am 8. Dezember. Und hier ist noch der Trailer zu Sisi Staffel 4 f\u00c3\u00bcr euch: <iframe loading=\"lazy\" allowfullscreen=\"\" frameborder=\"0\" height=\"315\" src=\"https:\/\/www.youtube-nocookie.com\/embed\/YTlV6Grnq10?si=El4AjUacJ6iNVu15\" width=\"100%\"><\/iframe><\/p><div class=\"newss-content\" id=\"newss-1330844534\"><script async src=\"\/\/pagead2.googlesyndication.com\/pagead\/js\/adsbygoogle.js?client=ca-pub-7733425960004873\" crossorigin=\"anonymous\"><\/script><ins class=\"adsbygoogle\" style=\"display:block;\" data-ad-client=\"ca-pub-7733425960004873\" \ndata-ad-slot=\"2582020599\" \ndata-ad-format=\"auto\"><\/ins>\n<script> \n(adsbygoogle = window.adsbygoogle || []).push({}); \n<\/script>\n<\/div><div class=\"newss-article-1\" id=\"newss-1361427328\"><script async src=\"https:\/\/pagead2.googlesyndication.com\/pagead\/js\/adsbygoogle.js?client=ca-pub-7733425960004873\"\r\n     crossorigin=\"anonymous\"><\/script>\r\n<!-- Homepage2 -->\r\n<ins class=\"adsbygoogle\"\r\n     style=\"display:block\"\r\n     data-ad-client=\"ca-pub-7733425960004873\"\r\n     data-ad-slot=\"2582020599\"\r\n     data-ad-format=\"auto\"\r\n     data-full-width-responsive=\"true\"><\/ins>\r\n<script>\r\n     (adsbygoogle = window.adsbygoogle || []).push({});\r\n<\/script><\/div>\n","protected":false},"excerpt":{"rendered":"<p>Neben der internationalen Netflix-Serie Die Kaiserin hat auch RTL ein Sissi-Format im Streaming-Angebot. Die Serie Sisi erfreut sich&#8230; Mehr auf Newsslash.com!<\/p>\n","protected":false},"author":7,"featured_media":21974,"comment_status":"open","ping_status":"open","sticky":false,"template":"","format":"standard","meta":{"_et_pb_use_builder":"","_et_pb_old_content":"","_et_gb_content_width":"","footnotes":""},"class_list":["post-21761","post","type-post","status-publish","format-standard","has-post-thumbnail","hentry","category-blog"],"yoast_head":"<!-- This site is optimized with the Yoast SEO plugin v24.8.1 - https:\/\/yoast.com\/wordpress\/plugins\/seo\/ -->\n<title>Starttermin f\u00c3\u00bcr Sisi Staffel 4 bei RTL+ steht fest! - Newsslash<\/title>\n<meta name=\"robots\" content=\"noindex, follow\" \/>\n<meta property=\"og:locale\" content=\"en_US\" \/>\n<meta property=\"og:type\" content=\"article\" \/>\n<meta property=\"og:title\" content=\"Starttermin f\u00c3\u00bcr Sisi Staffel 4 bei RTL+ steht fest! - Newsslash\" \/>\n<meta property=\"og:description\" content=\"Neben der internationalen Netflix-Serie Die Kaiserin hat auch RTL ein Sissi-Format im Streaming-Angebot. Die Serie Sisi erfreut sich... Mehr auf Newsslash.com!\" \/>\n<meta property=\"og:url\" content=\"https:\/\/newsslash.com\/n\/17672-starttermin-fuer-sisi-staffel-4-bei-rtlplus-steht-fest\/\" \/>\n<meta property=\"og:site_name\" content=\"Newsslash\" \/>\n<meta property=\"article:published_time\" content=\"2024-11-08T20:20:00+00:00\" \/>\n<meta property=\"og:image\" content=\"https:\/\/newsslash.com\/n\/wp-content\/uploads\/2025\/04\/NewsSlash-Featured-Image.jpg\" \/>\n\t<meta property=\"og:image:width\" content=\"1280\" \/>\n\t<meta property=\"og:image:height\" content=\"854\" \/>\n\t<meta property=\"og:image:type\" content=\"image\/jpeg\" \/>\n<meta name=\"author\" content=\"Daniela H\" \/>\n<meta name=\"twitter:card\" content=\"summary_large_image\" \/>\n<meta name=\"twitter:label1\" content=\"Written by\" \/>\n\t<meta name=\"twitter:data1\" content=\"Daniela H\" \/>\n\t<meta name=\"twitter:label2\" content=\"Est. reading time\" \/>\n\t<meta name=\"twitter:data2\" content=\"1 minute\" \/>\n<script type=\"application\/ld+json\" class=\"yoast-schema-graph\">{\"@context\":\"https:\/\/schema.org\",\"@graph\":[{\"@type\":\"Article\",\"@id\":\"https:\/\/newsslash.com\/n\/17672-starttermin-fuer-sisi-staffel-4-bei-rtlplus-steht-fest\/#article\",\"isPartOf\":{\"@id\":\"https:\/\/newsslash.com\/n\/17672-starttermin-fuer-sisi-staffel-4-bei-rtlplus-steht-fest\/\"},\"author\":{\"name\":\"Daniela H\",\"@id\":\"https:\/\/newsslash.com\/n\/#\/schema\/person\/cb1381eb00b5dc4b3071475e9866df11\"},\"headline\":\"Starttermin f\u00c3\u00bcr Sisi Staffel 4 bei RTL+ steht fest!\",\"datePublished\":\"2024-11-08T20:20:00+00:00\",\"mainEntityOfPage\":{\"@id\":\"https:\/\/newsslash.com\/n\/17672-starttermin-fuer-sisi-staffel-4-bei-rtlplus-steht-fest\/\"},\"wordCount\":308,\"commentCount\":42,\"publisher\":{\"@id\":\"https:\/\/newsslash.com\/n\/#organization\"},\"image\":{\"@id\":\"https:\/\/newsslash.com\/n\/17672-starttermin-fuer-sisi-staffel-4-bei-rtlplus-steht-fest\/#primaryimage\"},\"thumbnailUrl\":\"https:\/\/newsslash.com\/n\/wp-content\/uploads\/2025\/04\/NewsSlash-Featured-Image.jpg\",\"articleSection\":[\"Blog\"],\"inLanguage\":\"en-US\",\"potentialAction\":[{\"@type\":\"CommentAction\",\"name\":\"Comment\",\"target\":[\"https:\/\/newsslash.com\/n\/17672-starttermin-fuer-sisi-staffel-4-bei-rtlplus-steht-fest\/#respond\"]}]},{\"@type\":\"WebPage\",\"@id\":\"https:\/\/newsslash.com\/n\/17672-starttermin-fuer-sisi-staffel-4-bei-rtlplus-steht-fest\/\",\"url\":\"https:\/\/newsslash.com\/n\/17672-starttermin-fuer-sisi-staffel-4-bei-rtlplus-steht-fest\/\",\"name\":\"Starttermin f\u00c3\u00bcr Sisi Staffel 4 bei RTL+ steht fest! - Newsslash\",\"isPartOf\":{\"@id\":\"https:\/\/newsslash.com\/n\/#website\"},\"primaryImageOfPage\":{\"@id\":\"https:\/\/newsslash.com\/n\/17672-starttermin-fuer-sisi-staffel-4-bei-rtlplus-steht-fest\/#primaryimage\"},\"image\":{\"@id\":\"https:\/\/newsslash.com\/n\/17672-starttermin-fuer-sisi-staffel-4-bei-rtlplus-steht-fest\/#primaryimage\"},\"thumbnailUrl\":\"https:\/\/newsslash.com\/n\/wp-content\/uploads\/2025\/04\/NewsSlash-Featured-Image.jpg\",\"datePublished\":\"2024-11-08T20:20:00+00:00\",\"breadcrumb\":{\"@id\":\"https:\/\/newsslash.com\/n\/17672-starttermin-fuer-sisi-staffel-4-bei-rtlplus-steht-fest\/#breadcrumb\"},\"inLanguage\":\"en-US\",\"potentialAction\":[{\"@type\":\"ReadAction\",\"target\":[\"https:\/\/newsslash.com\/n\/17672-starttermin-fuer-sisi-staffel-4-bei-rtlplus-steht-fest\/\"]}]},{\"@type\":\"ImageObject\",\"inLanguage\":\"en-US\",\"@id\":\"https:\/\/newsslash.com\/n\/17672-starttermin-fuer-sisi-staffel-4-bei-rtlplus-steht-fest\/#primaryimage\",\"url\":\"https:\/\/newsslash.com\/n\/wp-content\/uploads\/2025\/04\/NewsSlash-Featured-Image.jpg\",\"contentUrl\":\"https:\/\/newsslash.com\/n\/wp-content\/uploads\/2025\/04\/NewsSlash-Featured-Image.jpg\",\"width\":1280,\"height\":854},{\"@type\":\"BreadcrumbList\",\"@id\":\"https:\/\/newsslash.com\/n\/17672-starttermin-fuer-sisi-staffel-4-bei-rtlplus-steht-fest\/#breadcrumb\",\"itemListElement\":[{\"@type\":\"ListItem\",\"position\":1,\"name\":\"Home\",\"item\":\"https:\/\/newsslash.com\/n\/\"},{\"@type\":\"ListItem\",\"position\":2,\"name\":\"Starttermin f\u00c3\u00bcr Sisi Staffel 4 bei RTL+ steht fest!\"}]},{\"@type\":\"WebSite\",\"@id\":\"https:\/\/newsslash.com\/n\/#website\",\"url\":\"https:\/\/newsslash.com\/n\/\",\"name\":\"Newsslash\",\"description\":\"Trending News on Movies, Series, OTT, Gaming\",\"publisher\":{\"@id\":\"https:\/\/newsslash.com\/n\/#organization\"},\"potentialAction\":[{\"@type\":\"SearchAction\",\"target\":{\"@type\":\"EntryPoint\",\"urlTemplate\":\"https:\/\/newsslash.com\/n\/?s={search_term_string}\"},\"query-input\":{\"@type\":\"PropertyValueSpecification\",\"valueRequired\":true,\"valueName\":\"search_term_string\"}}],\"inLanguage\":\"en-US\"},{\"@type\":\"Organization\",\"@id\":\"https:\/\/newsslash.com\/n\/#organization\",\"name\":\"Newsslash\",\"url\":\"https:\/\/newsslash.com\/n\/\",\"logo\":{\"@type\":\"ImageObject\",\"inLanguage\":\"en-US\",\"@id\":\"https:\/\/newsslash.com\/n\/#\/schema\/logo\/image\/\",\"url\":\"https:\/\/newsslash.com\/n\/wp-content\/uploads\/2025\/04\/cropped-Newsslash-logo-Fevicon.png\",\"contentUrl\":\"https:\/\/newsslash.com\/n\/wp-content\/uploads\/2025\/04\/cropped-Newsslash-logo-Fevicon.png\",\"width\":512,\"height\":512,\"caption\":\"Newsslash\"},\"image\":{\"@id\":\"https:\/\/newsslash.com\/n\/#\/schema\/logo\/image\/\"}},{\"@type\":\"Person\",\"@id\":\"https:\/\/newsslash.com\/n\/#\/schema\/person\/cb1381eb00b5dc4b3071475e9866df11\",\"name\":\"Daniela H\",\"sameAs\":[\"https:\/\/newsslash.com\"],\"url\":\"https:\/\/newsslash.com\/n\/author\/daniela_h\/\"}]}<\/script>\n<!-- \/ Yoast SEO plugin. -->","yoast_head_json":{"title":"Starttermin f\u00c3\u00bcr Sisi Staffel 4 bei RTL+ steht fest! - Newsslash","robots":{"index":"noindex","follow":"follow"},"og_locale":"en_US","og_type":"article","og_title":"Starttermin f\u00c3\u00bcr Sisi Staffel 4 bei RTL+ steht fest! - Newsslash","og_description":"Neben der internationalen Netflix-Serie Die Kaiserin hat auch RTL ein Sissi-Format im Streaming-Angebot. Die Serie Sisi erfreut sich... Mehr auf Newsslash.com!","og_url":"https:\/\/newsslash.com\/n\/17672-starttermin-fuer-sisi-staffel-4-bei-rtlplus-steht-fest\/","og_site_name":"Newsslash","article_published_time":"2024-11-08T20:20:00+00:00","og_image":[{"width":1280,"height":854,"url":"https:\/\/newsslash.com\/n\/wp-content\/uploads\/2025\/04\/NewsSlash-Featured-Image.jpg","type":"image\/jpeg"}],"author":"Daniela H","twitter_card":"summary_large_image","twitter_misc":{"Written by":"Daniela H","Est. reading time":"1 minute"},"schema":{"@context":"https:\/\/schema.org","@graph":[{"@type":"Article","@id":"https:\/\/newsslash.com\/n\/17672-starttermin-fuer-sisi-staffel-4-bei-rtlplus-steht-fest\/#article","isPartOf":{"@id":"https:\/\/newsslash.com\/n\/17672-starttermin-fuer-sisi-staffel-4-bei-rtlplus-steht-fest\/"},"author":{"name":"Daniela H","@id":"https:\/\/newsslash.com\/n\/#\/schema\/person\/cb1381eb00b5dc4b3071475e9866df11"},"headline":"Starttermin f\u00c3\u00bcr Sisi Staffel 4 bei RTL+ steht fest!","datePublished":"2024-11-08T20:20:00+00:00","mainEntityOfPage":{"@id":"https:\/\/newsslash.com\/n\/17672-starttermin-fuer-sisi-staffel-4-bei-rtlplus-steht-fest\/"},"wordCount":308,"commentCount":42,"publisher":{"@id":"https:\/\/newsslash.com\/n\/#organization"},"image":{"@id":"https:\/\/newsslash.com\/n\/17672-starttermin-fuer-sisi-staffel-4-bei-rtlplus-steht-fest\/#primaryimage"},"thumbnailUrl":"https:\/\/newsslash.com\/n\/wp-content\/uploads\/2025\/04\/NewsSlash-Featured-Image.jpg","articleSection":["Blog"],"inLanguage":"en-US","potentialAction":[{"@type":"CommentAction","name":"Comment","target":["https:\/\/newsslash.com\/n\/17672-starttermin-fuer-sisi-staffel-4-bei-rtlplus-steht-fest\/#respond"]}]},{"@type":"WebPage","@id":"https:\/\/newsslash.com\/n\/17672-starttermin-fuer-sisi-staffel-4-bei-rtlplus-steht-fest\/","url":"https:\/\/newsslash.com\/n\/17672-starttermin-fuer-sisi-staffel-4-bei-rtlplus-steht-fest\/","name":"Starttermin f\u00c3\u00bcr Sisi Staffel 4 bei RTL+ steht fest! - Newsslash","isPartOf":{"@id":"https:\/\/newsslash.com\/n\/#website"},"primaryImageOfPage":{"@id":"https:\/\/newsslash.com\/n\/17672-starttermin-fuer-sisi-staffel-4-bei-rtlplus-steht-fest\/#primaryimage"},"image":{"@id":"https:\/\/newsslash.com\/n\/17672-starttermin-fuer-sisi-staffel-4-bei-rtlplus-steht-fest\/#primaryimage"},"thumbnailUrl":"https:\/\/newsslash.com\/n\/wp-content\/uploads\/2025\/04\/NewsSlash-Featured-Image.jpg","datePublished":"2024-11-08T20:20:00+00:00","breadcrumb":{"@id":"https:\/\/newsslash.com\/n\/17672-starttermin-fuer-sisi-staffel-4-bei-rtlplus-steht-fest\/#breadcrumb"},"inLanguage":"en-US","potentialAction":[{"@type":"ReadAction","target":["https:\/\/newsslash.com\/n\/17672-starttermin-fuer-sisi-staffel-4-bei-rtlplus-steht-fest\/"]}]},{"@type":"ImageObject","inLanguage":"en-US","@id":"https:\/\/newsslash.com\/n\/17672-starttermin-fuer-sisi-staffel-4-bei-rtlplus-steht-fest\/#primaryimage","url":"https:\/\/newsslash.com\/n\/wp-content\/uploads\/2025\/04\/NewsSlash-Featured-Image.jpg","contentUrl":"https:\/\/newsslash.com\/n\/wp-content\/uploads\/2025\/04\/NewsSlash-Featured-Image.jpg","width":1280,"height":854},{"@type":"BreadcrumbList","@id":"https:\/\/newsslash.com\/n\/17672-starttermin-fuer-sisi-staffel-4-bei-rtlplus-steht-fest\/#breadcrumb","itemListElement":[{"@type":"ListItem","position":1,"name":"Home","item":"https:\/\/newsslash.com\/n\/"},{"@type":"ListItem","position":2,"name":"Starttermin f\u00c3\u00bcr Sisi Staffel 4 bei RTL+ steht fest!"}]},{"@type":"WebSite","@id":"https:\/\/newsslash.com\/n\/#website","url":"https:\/\/newsslash.com\/n\/","name":"Newsslash","description":"Trending News on Movies, Series, OTT, Gaming","publisher":{"@id":"https:\/\/newsslash.com\/n\/#organization"},"potentialAction":[{"@type":"SearchAction","target":{"@type":"EntryPoint","urlTemplate":"https:\/\/newsslash.com\/n\/?s={search_term_string}"},"query-input":{"@type":"PropertyValueSpecification","valueRequired":true,"valueName":"search_term_string"}}],"inLanguage":"en-US"},{"@type":"Organization","@id":"https:\/\/newsslash.com\/n\/#organization","name":"Newsslash","url":"https:\/\/newsslash.com\/n\/","logo":{"@type":"ImageObject","inLanguage":"en-US","@id":"https:\/\/newsslash.com\/n\/#\/schema\/logo\/image\/","url":"https:\/\/newsslash.com\/n\/wp-content\/uploads\/2025\/04\/cropped-Newsslash-logo-Fevicon.png","contentUrl":"https:\/\/newsslash.com\/n\/wp-content\/uploads\/2025\/04\/cropped-Newsslash-logo-Fevicon.png","width":512,"height":512,"caption":"Newsslash"},"image":{"@id":"https:\/\/newsslash.com\/n\/#\/schema\/logo\/image\/"}},{"@type":"Person","@id":"https:\/\/newsslash.com\/n\/#\/schema\/person\/cb1381eb00b5dc4b3071475e9866df11","name":"Daniela H","sameAs":["https:\/\/newsslash.com"],"url":"https:\/\/newsslash.com\/n\/author\/daniela_h\/"}]}},"_links":{"self":[{"href":"https:\/\/newsslash.com\/n\/wp-json\/wp\/v2\/posts\/21761","targetHints":{"allow":["GET"]}}],"collection":[{"href":"https:\/\/newsslash.com\/n\/wp-json\/wp\/v2\/posts"}],"about":[{"href":"https:\/\/newsslash.com\/n\/wp-json\/wp\/v2\/types\/post"}],"author":[{"embeddable":true,"href":"https:\/\/newsslash.com\/n\/wp-json\/wp\/v2\/users\/7"}],"replies":[{"embeddable":true,"href":"https:\/\/newsslash.com\/n\/wp-json\/wp\/v2\/comments?post=21761"}],"version-history":[{"count":0,"href":"https:\/\/newsslash.com\/n\/wp-json\/wp\/v2\/posts\/21761\/revisions"}],"wp:featuredmedia":[{"embeddable":true,"href":"https:\/\/newsslash.com\/n\/wp-json\/wp\/v2\/media\/21974"}],"wp:attachment":[{"href":"https:\/\/newsslash.com\/n\/wp-json\/wp\/v2\/media?parent=21761"}],"curies":[{"name":"wp","href":"https:\/\/api.w.org\/{rel}","templated":true}]}}